{"id":6659,"global_id":"festsaal.sc-v.de?id=6659","global_id_lineage":["festsaal.sc-v.de?id=6659"],"author":"3","status":"publish","date":"2025-09-18 12:54:50","date_utc":"2025-09-18 11:54:50","modified":"2026-02-20 08:33:55","modified_utc":"2026-02-20 07:33:55","url":"https:\/\/festsaal.sc-v.de\/?tribe_events=kabarett-mit-monika-gruber","rest_url":"https:\/\/festsaal.sc-v.de\/index.php?rest_route=\/tribe\/events\/v1\/events\/6659","title":"Kabarett mit Monika Gruber","description":"<p>Die Gruaberin ist zur\u00fcck &#8211; und wie! Nach zwei Jahren B\u00fchnen-Abstinenz feiert Bayerns erfolgreichste Kabarettistin im Jahr 2026 ihr hei\u00df ersehntes Comeback. Als Trans-Harmonies\u00fcchtige im K\u00f6rper einer Krawallschachtel konnte sie einfach nicht l\u00e4nger schweigen&#8230;denn: Es huift ja nix!<\/p>\n<p><img decoding=\"async\" loading=\"lazy\" class=\"alignnone size-medium wp-image-6985\" src=\"https:\/\/i0.wp.com\/festsaal.sc-v.de\/wp-content\/uploads\/2025\/09\/Monika-Gruber-Pressefoto-2026-Foto-Starupphoto.png?resize=212%2C300\" alt=\"\" width=\"212\" height=\"300\" srcset=\"https:\/\/i0.wp.com\/festsaal.sc-v.de\/wp-content\/uploads\/2025\/09\/Monika-Gruber-Pressefoto-2026-Foto-Starupphoto.png?resize=212%2C300&amp;ssl=1 212w, https:\/\/i0.wp.com\/festsaal.sc-v.de\/wp-content\/uploads\/2025\/09\/Monika-Gruber-Pressefoto-2026-Foto-Starupphoto.png?resize=723%2C1024&amp;ssl=1 723w, https:\/\/i0.wp.com\/festsaal.sc-v.de\/wp-content\/uploads\/2025\/09\/Monika-Gruber-Pressefoto-2026-Foto-Starupphoto.png?resize=768%2C1088&amp;ssl=1 768w, https:\/\/i0.wp.com\/festsaal.sc-v.de\/wp-content\/uploads\/2025\/09\/Monika-Gruber-Pressefoto-2026-Foto-Starupphoto.png?w=877&amp;ssl=1 877w\" sizes=\"(max-width: 212px) 100vw, 212px\" data-recalc-dims=\"1\" \/><\/p>\n<p>Daher ist es umso wichtiger, sich an den kleinen, allt\u00e4glichen Absurdit\u00e4ten zu erfreuen: Als Geschichtenerz\u00e4hlerin erkl\u00e4rt Ihnen die Gruaberin, was eine aufdringliche M\u00f6we mit Charl\u00e8ne von Monaco zu tun hat und warum man nach einer flotten thail\u00e4ndischen Dreier-Massage beim Ordnungsamt landen kann. Au\u00dferdem erl\u00e4utert die Moni, warum eine gelegentliche Proseccodusche sinnvoller als fr\u00fchmorgendliches Eisbaden ist und weshalb man Kindern, aus denen etwas werden soll, zur Erstkommunion unter keinen Umst\u00e4nden Bargeld sondern unbedingt Kaffeegeschirr und Biberbettw\u00e4sche schenken sollte.<\/p>\n<p>Dieses Programm soll ein Pl\u00e4doyer f\u00fcr mehr Lebensfreude und f\u00fcrs hedonistisch Unvern\u00fcnftige sein<\/p>\n<p>Zwei Stunden beste Unterhaltung f\u00fcr alle, die noch zwischen Hausverstand und Mainstream unterscheiden k\u00f6nnen.<\/p>\n<p>Denn bei allem Irrsinn gilt doch: Humor f\u00e4ngt da an, wo einem das Lachen im Hals stecken bleibt, weil: ES HUIFT JA NIX!<\/p>","excerpt":"","slug":"kabarett-mit-monika-gruber","image":false,"all_day":false,"start_date":"2026-06-03 20:00:00","start_date_details":{"year":"2026","month":"06","day":"03","hour":"20","minutes":"00","seconds":"00"},"end_date":"2026-06-03 22:30:00","end_date_details":{"year":"2026","month":"06","day":"03","hour":"22","minutes":"30","seconds":"00"},"utc_start_date":"2026-06-03 18:00:00","utc_start_date_details":{"year":"2026","month":"06","day":"03","hour":"18","minutes":"00","seconds":"00"},"utc_end_date":"2026-06-03 20:30:00","utc_end_date_details":{"year":"2026","month":"06","day":"03","hour":"20","minutes":"30","seconds":"00"},"timezone":"UTC+1","timezone_abbr":"UTC+1","cost":"","cost_details":{"currency_symbol":"\u20ac","currency_code":"USD\t\t\t\t\t\t\tclass=\t\t\t\t\t\t\tclass=\t\t\t\t\t\t\tclass=\t\t\t\t\t\t\tclass=","currency_position":"prefix","values":[]},"website":"","show_map":true,"show_map_link":true,"hide_from_listings":false,"sticky":false,"featured":false,"categories":[{"name":"Kabarett","slug":"kabarett","term_group":0,"term_taxonomy_id":4,"taxonomy":"tribe_events_cat","description":"","parent":0,"count":4,"filter":"raw","id":4,"urls":{"self":"https:\/\/festsaal.sc-v.de\/index.php?rest_route=\/tribe\/events\/v1\/categories\/4","collection":"https:\/\/festsaal.sc-v.de\/index.php?rest_route=\/tribe\/events\/v1\/categories"}}],"tags":[],"venue":{"id":8,"author":"1","status":"publish","date":"2020-03-14 09:24:25","date_utc":"2020-03-14 09:24:25","modified":"2020-03-14 09:24:25","modified_utc":"2020-03-14 09:24:25","url":"https:\/\/festsaal.sc-v.de\/?tribe_venue=festsaal","venue":"Festsaal","slug":"festsaal","address":"Schlossl\u00e4nde 1","city":"Ingolstadt","province":"Bayern","zip":"85049","stateprovince":"Bayern","json_ld":{"@type":"Place","name":"Festsaal","description":"","url":"","address":{"@type":"PostalAddress","streetAddress":"Schlossl\u00e4nde 1","addressLocality":"Ingolstadt","addressRegion":"Bayern","postalCode":"85049"},"telephone":"","sameAs":""},"show_map":true,"show_map_link":true,"global_id":"festsaal.sc-v.de?id=8","global_id_lineage":["festsaal.sc-v.de?id=8"]},"organizer":[{"id":6661,"author":"3","status":"publish","date":"2025-09-18 12:54:51","date_utc":"2025-09-18 11:54:51","modified":"2025-09-18 12:54:51","modified_utc":"2025-09-18 11:54:51","url":"https:\/\/festsaal.sc-v.de\/?tribe_organizer=allgemeine-kulturagentur","organizer":"Allgemeine Kulturagentur","slug":"allgemeine-kulturagentur","json_ld":{"@type":"Person","name":"Allgemeine Kulturagentur","description":"","url":"","telephone":"","email":"","sameAs":""},"global_id":"festsaal.sc-v.de?id=6661","global_id_lineage":["festsaal.sc-v.de?id=6661"]}],"json_ld":{"@context":"http:\/\/schema.org","@type":"Event","name":"Kabarett mit Monika Gruber","description":"&lt;p&gt;Die Gruaberin ist zur\u00fcck - und wie! Nach zwei Jahren B\u00fchnen-Abstinenz feiert Bayerns erfolgreichste Kabarettistin im Jahr 2026 ihr hei\u00df ersehntes Comeback. Als Trans-Harmonies\u00fcchtige im K\u00f6rper einer Krawallschachtel konnte sie &hellip; &lt;\/p&gt;\\n&lt;p class=&quot;link-more&quot;&gt;&lt;a href=&quot;https:\/\/festsaal.sc-v.de\/?tribe_events=kabarett-mit-monika-gruber&quot; class=&quot;more-link&quot;&gt;&lt;span class=&quot;screen-reader-text&quot;&gt;\u201eKabarett mit Monika Gruber\u201c&lt;\/span&gt; weiterlesen&lt;\/a&gt;&lt;\/p&gt;\\n","url":"https:\/\/festsaal.sc-v.de\/?tribe_events=kabarett-mit-monika-gruber","eventAttendanceMode":"https:\/\/schema.org\/OfflineEventAttendanceMode","eventStatus":"https:\/\/schema.org\/EventScheduled","startDate":"2026-06-03T20:00:00+01:00","endDate":"2026-06-03T22:30:00+01:00","location":{"@type":"Place","name":"Festsaal","description":"","url":"","address":{"@type":"PostalAddress","streetAddress":"Schlossl\u00e4nde 1","addressLocality":"Ingolstadt","addressRegion":"Bayern","postalCode":"85049"},"telephone":"","sameAs":""},"organizer":{"@type":"Person","name":"Allgemeine Kulturagentur","description":"","url":"","telephone":"","email":"","sameAs":""},"performer":"Organization"}}